{"id":429,"date":"2025-05-10T14:50:00","date_gmt":"2025-05-10T14:50:00","guid":{"rendered":"https:\/\/caravanpro.eu\/blog\/?p=429"},"modified":"2025-09-13T09:38:59","modified_gmt":"2025-09-13T09:38:59","slug":"siamo-online-benvenuti-su-caravanpro-2","status":"publish","type":"post","link":"https:\/\/it.caravanpro.eu\/blog\/siamo-online-benvenuti-su-caravanpro-2\/","title":{"rendered":"Siamo online \u2013 Benvenuti su CaravanPro!"},"content":{"rendered":"\r\n\r\n<div class=\"wp-block-columns is-layout-flex wp-container-core-columns-is-layout-1 wp-block-columns-is-layout-flex\">\r\n\r\n<div class=\"wp-block-column is-layout-flow wp-block-column-is-layout-flow\" style=\"flex-basis:100%\">\r\n\r\n<div class=\"wp-block-cover is-light has-custom-content-position is-position-top-center has-white-color has-text-color has-link-color wp-elements-94488ebfcbebce76f66e09c40ccad3e9\" style=\"min-height:520px;aspect-ratio:unset;\"><span aria-hidden=\"true\" class=\"wp-block-cover__background has-background-dim-0 has-background-dim\"><\/span><img loading=\"lazy\" decoding=\"async\" width=\"1024\" height=\"683\" class=\"wp-block-cover__image-background wp-image-246\" alt=\"\" src=\"https:\/\/caravanpro.eu\/blog\/wp-content\/uploads\/2025\/05\/CaravanPro-Launch-1024x683.jpg\" style=\"object-position:70% 60%\" data-object-fit=\"cover\" data-object-position=\"70% 60%\" srcset=\"https:\/\/it.caravanpro.eu\/blog\/wp-content\/uploads\/2025\/05\/CaravanPro-Launch-1024x683.jpg 1024w, https:\/\/it.caravanpro.eu\/blog\/wp-content\/uploads\/2025\/05\/CaravanPro-Launch-300x200.jpg 300w, https:\/\/it.caravanpro.eu\/blog\/wp-content\/uploads\/2025\/05\/CaravanPro-Launch-768x512.jpg 768w, https:\/\/it.caravanpro.eu\/blog\/wp-content\/uploads\/2025\/05\/CaravanPro-Launch-1200x800.jpg 1200w, https:\/\/it.caravanpro.eu\/blog\/wp-content\/uploads\/2025\/05\/CaravanPro-Launch-1000x667.jpg 1000w, https:\/\/it.caravanpro.eu\/blog\/wp-content\/uploads\/2025\/05\/CaravanPro-Launch-230x153.jpg 230w, https:\/\/it.caravanpro.eu\/blog\/wp-content\/uploads\/2025\/05\/CaravanPro-Launch-350x233.jpg 350w, https:\/\/it.caravanpro.eu\/blog\/wp-content\/uploads\/2025\/05\/CaravanPro-Launch-480x320.jpg 480w, https:\/\/it.caravanpro.eu\/blog\/wp-content\/uploads\/2025\/05\/CaravanPro-Launch.jpg 1536w\" sizes=\"(max-width: 1024px) 100vw, 1024px\" \/><div class=\"wp-block-cover__inner-container is-layout-flow wp-block-cover-is-layout-flow\">\r\n\r\n<p class=\"has-text-align-center has-large-font-size\">SIAMO IN DIRETTA! BENVENUTI A<\/p>\r\n\r\n\r\n\r\n\r\n\r\n\r\n\r\n<p class=\"has-text-align-center has-large-font-size\">CARAVANPRO<\/p>\r\n\r\n<\/div><\/div>\r\n\r\n<\/div>\r\n\r\n<\/div>\r\n\r\n\r\n\r\n\r\n\r\n\r\n\r\n<p class=\"has-medium-font-size\">Siamo entusiasti di annunciarlo: CaravanPro \u00e8 ufficialmente lanciato!<\/p>\r\n\r\n\r\n\r\n\r\n\r\n\r\n\r\n<p class=\"has-medium-font-size\">Che tu sia un viaggiatore da sempre, un esploratore del fine settimana o che tu stia semplicemente iniziando a sognare il tuo primo furgone, <strong>hai appena trovato la tua nuova casa per tutto ci\u00f2 che riguarda roulotte e camper<\/strong>.<\/p>\r\n\r\n\r\n\r\n\r\n\r\n\r\n\r\n<p class=\"has-medium-font-size\">CaravanPro \u00e8 nato da un&#8217;idea semplice: rendere pi\u00f9 facile per le persone in tutta Europa connettersi, pubblicare annunci, cercare ed esplorare il mondo dei veicoli per il tempo libero. Dai camper pi\u00f9 eleganti ai classici camper, siamo qui per riunire acquirenti, venditori e appassionati in un unico luogo facile da usare.<\/p>\r\n\r\n\r\n\r\n\r\n\r\n\r\n\r\n<p class=\"has-medium-font-size\"><strong>Quindi, cosa puoi fare su CaravanPro?<\/strong><\/p>\r\n\r\n\r\n\r\n\r\n\r\n\r\n\r\n<ul class=\"wp-block-list\">\r\n\r\n<li class=\"has-medium-font-size\">Sfoglia una selezione crescente di roulotte e camper in vendita in tutta Europa<\/li>\r\n\r\n\r\n\r\n\r\n\r\n\r\n\r\n<li class=\"has-medium-font-size\">Crea il tuo annuncio gratuito (offriamo uno speciale annuncio gratuito di 3 mesi per i privati al momento del lancio!)<\/li>\r\n\r\n\r\n\r\n\r\n\r\n\r\n\r\n<li class=\"has-medium-font-size\">Scopri il nostro catalogo dei produttori in continua espansione<\/li>\r\n\r\n\r\n\r\n\r\n\r\n\r\n\r\n<li class=\"has-medium-font-size\">Scopri risorse e consigli utili per la vita in viaggio<\/li>\r\n\r\n\r\n\r\n\r\n\r\n\r\n\r\n<li class=\"has-medium-font-size\">Scegli il piano pi\u00f9 adatto a te: dagli account individuali agli account aziendali personalizzati pensati per concessionari e professionisti<\/li>\r\n\r\n<\/ul>\r\n\r\n\r\n\r\n\r\n\r\n\r\n\r\n<p class=\"has-medium-font-size\"><strong>Gestisci un&#8217;attivit\u00e0?<\/strong> Ti offriamo piani flessibili:<\/p>\r\n\r\n\r\n\r\n\r\n\r\n\r\n\r\n<ul class=\"wp-block-list\">\r\n\r\n<li class=\"has-medium-font-size\"><strong>Business Lite<\/strong>: perfetto per le piccole aziende di roulotte o camper che desiderano un modo conveniente per raggiungere pi\u00f9 clienti <a href=\"\/signup-plans\">Business Lite&gt;<\/a><\/li>\r\n\r\n\r\n\r\n\r\n\r\n\r\n\r\n<li class=\"has-medium-font-size\"><strong>Business PRO<\/strong> \u2013 ideale per concessionari e organizzazioni pi\u00f9 grandi che necessitano di funzionalit\u00e0 e visibilit\u00e0 extra <a href=\"\/signup-plans\">Business PRO &gt;<\/a><\/li>\r\n\r\n<\/ul>\r\n\r\n\r\n\r\n\r\n\r\n\r\n\r\n<p class=\"has-medium-font-size\">Abbiamo progettato CaravanPro per funzionare senza problemi in tutta Europa: dal Regno Unito e Irlanda alla Francia, Germania, Spagna e oltre. E siamo solo all&#8217;inizio.<\/p>\r\n\r\n\r\n\r\n\r\n\r\n\r\n\r\n<p class=\"has-medium-font-size\">Nei prossimi mesi, vedrete nuove funzionalit\u00e0, nuovi annunci e utili post del blog che vi aiuteranno a sfruttare al meglio il vostro viaggio in roulotte o camper.<\/p>\r\n\r\n\r\n\r\n\r\n\r\n\r\n\r\n<p class=\"has-medium-font-size\">Per ora, dai un&#8217;occhiata. Crea un account. <a href=\"\/signup-plans\">Pubblica il tuo furgone<\/a>. Oppure goditi semplicemente la navigazione e <strong><a href=\"http:\/\/caravanpro.eu\/#subscribe-form\">non dimenticare di iscriverti per ricevere notizie, articoli e offerte speciali per rimanere aggiornato<\/a><\/strong>.<\/p>\r\n\r\n\r\n\r\n\r\n\r\n\r\n\r\n<p class=\"has-medium-font-size\">Grazie per essere stati qui fin dall&#8217;inizio: siamo entusiasti di averti con noi in questo viaggio.<\/p>\r\n\r\n\r\n\r\n\r\n\r\n\r\n\r\n<p class=\"has-medium-font-size\">Benvenuti a CaravanPro.<\/p>\r\n\r\n","protected":false},"excerpt":{"rendered":"<p>Siamo entusiasti di annunciarlo: CaravanPro \u00e8 ufficialmente lanciato! Che tu sia un viaggiatore da sempre, un esploratore del fine settimana o che [&hellip;]<\/p>\n","protected":false},"author":1,"featured_media":246,"comment_status":"open","ping_status":"open","sticky":false,"template":"","format":"standard","meta":{"_siteseo_robots_primary_cat":"none","_themeisle_gutenberg_block_has_review":false,"footnotes":""},"categories":[167],"tags":[],"class_list":["post-429","post","type-post","status-publish","format-standard","has-post-thumbnail","hentry","category-uncategorized-it"],"_links":{"self":[{"href":"https:\/\/it.caravanpro.eu\/blog\/wp-json\/wp\/v2\/posts\/429"}],"collection":[{"href":"https:\/\/it.caravanpro.eu\/blog\/wp-json\/wp\/v2\/posts"}],"about":[{"href":"https:\/\/it.caravanpro.eu\/blog\/wp-json\/wp\/v2\/types\/post"}],"author":[{"embeddable":true,"href":"https:\/\/it.caravanpro.eu\/blog\/wp-json\/wp\/v2\/users\/1"}],"replies":[{"embeddable":true,"href":"https:\/\/it.caravanpro.eu\/blog\/wp-json\/wp\/v2\/comments?post=429"}],"version-history":[{"count":2,"href":"https:\/\/it.caravanpro.eu\/blog\/wp-json\/wp\/v2\/posts\/429\/revisions"}],"predecessor-version":[{"id":433,"href":"https:\/\/it.caravanpro.eu\/blog\/wp-json\/wp\/v2\/posts\/429\/revisions\/433"}],"wp:featuredmedia":[{"embeddable":true,"href":"https:\/\/it.caravanpro.eu\/blog\/wp-json\/wp\/v2\/media\/246"}],"wp:attachment":[{"href":"https:\/\/it.caravanpro.eu\/blog\/wp-json\/wp\/v2\/media?parent=429"}],"wp:term":[{"taxonomy":"category","embeddable":true,"href":"https:\/\/it.caravanpro.eu\/blog\/wp-json\/wp\/v2\/categories?post=429"},{"taxonomy":"post_tag","embeddable":true,"href":"https:\/\/it.caravanpro.eu\/blog\/wp-json\/wp\/v2\/tags?post=429"}],"curies":[{"name":"wp","href":"https:\/\/api.w.org\/{rel}","templated":true}]}}