{"id":557,"date":"2025-12-15T22:15:59","date_gmt":"2025-12-15T22:15:59","guid":{"rendered":"https:\/\/caravanpro.eu\/blog\/?p=557"},"modified":"2025-12-15T22:15:59","modified_gmt":"2025-12-15T22:15:59","slug":"ripensando-al-2025-unestate-che-ci-ha-portato-lontano-e-ovunque","status":"publish","type":"post","link":"https:\/\/it.caravanpro.eu\/blog\/ripensando-al-2025-unestate-che-ci-ha-portato-lontano-e-ovunque\/","title":{"rendered":"Ripensando al 2025: un\u2019estate che ci ha portato lontano e ovunque"},"content":{"rendered":"\n<figure class=\"wp-block-image size-large\"><img loading=\"lazy\" decoding=\"async\" width=\"1024\" height=\"559\" src=\"https:\/\/caravanpro.eu\/blog\/wp-content\/uploads\/2025\/12\/looking-back-on-2025-1024x559.jpg\" alt=\"\" class=\"wp-image-520\" srcset=\"https:\/\/it.caravanpro.eu\/blog\/wp-content\/uploads\/2025\/12\/looking-back-on-2025-1024x559.jpg 1024w, https:\/\/it.caravanpro.eu\/blog\/wp-content\/uploads\/2025\/12\/looking-back-on-2025-300x164.jpg 300w, https:\/\/it.caravanpro.eu\/blog\/wp-content\/uploads\/2025\/12\/looking-back-on-2025-768x419.jpg 768w, https:\/\/it.caravanpro.eu\/blog\/wp-content\/uploads\/2025\/12\/looking-back-on-2025-1536x839.jpg 1536w, https:\/\/it.caravanpro.eu\/blog\/wp-content\/uploads\/2025\/12\/looking-back-on-2025-1000x546.jpg 1000w, https:\/\/it.caravanpro.eu\/blog\/wp-content\/uploads\/2025\/12\/looking-back-on-2025-230x126.jpg 230w, https:\/\/it.caravanpro.eu\/blog\/wp-content\/uploads\/2025\/12\/looking-back-on-2025-350x191.jpg 350w, https:\/\/it.caravanpro.eu\/blog\/wp-content\/uploads\/2025\/12\/looking-back-on-2025-480x262.jpg 480w, https:\/\/it.caravanpro.eu\/blog\/wp-content\/uploads\/2025\/12\/looking-back-on-2025.jpg 1685w\" sizes=\"(max-width: 1024px) 100vw, 1024px\" \/><\/figure>\n\n\n\n<p>Ripensando al 2025, \u00e8 giusto dire che \u00e8 stato un anno che molti proprietari di caravan, camper e furgoni camperizzati non dimenticheranno facilmente.<\/p>\n\n\n\n<p>Se hai viaggiato quest&#8217;estate, \u00e8 probabile che il meteo abbia giocato un ruolo importante nei tuoi piani, a volte nei modi che ti aspettavi, a volte in modo del tutto diverso.<\/p>\n\n\n\n<h4 class=\"wp-block-heading\" id=\"A_Summer_That_Turned_Up_the_Heat\">Un&#8217;estate che ha alzato il caldo<\/h4>\n\n\n\n<p>In tutta Europa, l&#8217;estate del 2025 ha portato condizioni meteorologiche straordinarie. Giugno \u00e8 arrivato con un caldo record in alcune parti dell&#8217;Europa occidentale. Le temperature sono salite ben al di sopra di quelle a cui molti erano abituati, con temperature percepite che hanno superato i 38 \u00b0C e, in luoghi come il Portogallo, hanno raggiunto quasi i 48 \u00b0C.<\/p>\n\n\n\n<p>Per alcuni, faceva semplicemente troppo caldo. I campeggi erano in difficolt\u00e0, i piani cambiavano e alcuni viaggiatori decisero che era ora di ripartire prima del previsto.<\/p>\n\n\n\n<p>Per gli altri? Era esattamente ci\u00f2 che speravano.<\/p>\n\n\n\n<p>Luglio \u00e8 proseguito pi\u00f9 o meno allo stesso modo, soprattutto nell&#8217;Europa meridionale. In Italia e Grecia le temperature hanno raggiunto i 45\u00b0C, e le lunghe giornate soleggiate sono diventate la norma. Alcuni sono rimasti fermi, assecondando il ritmo di mattine presto, lunghe sieste e serate all&#8217;aperto una volta che il caldo si \u00e8 attenuato.<\/p>\n\n\n\n<p>Poi agosto ha sorpreso molti di noi.<\/p>\n\n\n\n<p>Con l&#8217;abbassarsi delle temperature al sud, il caldo si \u00e8 spostato verso nord. Alcune zone di Norvegia, Svezia e Finlandia hanno vissuto un&#8217;intensa ondata di caldo di due settimane, con temperature superiori ai 30 \u00b0C che sono durate molto pi\u00f9 a lungo del solito. Per chi si dirigeva a nord in cerca di aria pi\u00f9 fresca, \u00e8 stato un promemoria che anche i piani meglio congegnati possono cambiare.<\/p>\n\n\n\n<h4 class=\"wp-block-heading\" id=\"Did_the_Weather_Change_Your_Plans?\">Il meteo ha cambiato i tuoi piani?<\/h4>\n\n\n\n<p>Per molti viaggiatori, il clima estivo ha influenzato le decisioni in tempo reale.<\/p>\n\n\n\n<p>Hai:<\/p>\n\n\n\n<ul class=\"wp-block-list\">\n<li><strong><em>Restare pi\u00f9 a lungo al sole perch\u00e9 le condizioni sembravano perfette?<\/em><\/strong><\/li>\n\n\n\n<li><strong><em>Vai via prima del previsto perch\u00e9 il caldo \u00e8 diventato troppo forte?<\/em><\/strong><\/li>\n\n\n\n<li><strong><em>Dirigersi a nord o verso la costa in cerca di serate pi\u00f9 fresche?<\/em><\/strong><\/li>\n\n\n\n<li><strong><em>Oppure adattare la tua routine, viaggiando presto, riposando nelle ore pi\u00f9 calde e godendoti le serate all&#8217;aperto?<\/em><\/strong><\/li>\n<\/ul>\n\n\n\n<p>Quest&#8217;estate non c&#8217;era un solo modo per viaggiare e questo \u00e8 stato uno dei motivi per cui \u00e8 stata memorabile.<\/p>\n\n\n\n<p><strong><em>Dove ti ha portato il 2025?<\/em><\/strong><\/p>\n\n\n\n<p>Ripensandoci ora, al di l\u00e0 delle temperature e delle destinazioni, spesso sono i piccoli momenti a rimanere impressi. Un campeggio tranquillo dopo una lunga e calda giornata. Un cambio di rotta inaspettato. Un posto in cui non avevi programmato di fermarti, ma in cui sei rimasto pi\u00f9 a lungo del previsto.<\/p>\n\n\n\n<p>Quindi ci piacerebbe sapere:<\/p>\n\n\n\n<p><strong><em>Cosa hai fatto quest&#8217;estate?<\/em><\/strong><\/p>\n\n\n\n<p><strong><em>Il caldo ha cambiato i tuoi piani o ha reso il viaggio ancora migliore?<\/em><\/strong><\/p>\n\n\n\n<p>Condividi la tua storia con noi e aiutaci a catturare la vera essenza del viaggiare nel 2025.<\/p>\n","protected":false},"excerpt":{"rendered":"<p>Ripensando al 2025, \u00e8 giusto dire che \u00e8 stato un anno che molti proprietari di caravan, camper e furgoni camperizzati non dimenticheranno [&hellip;]<\/p>\n","protected":false},"author":1,"featured_media":520,"comment_status":"closed","ping_status":"open","sticky":false,"template":"","format":"standard","meta":{"_siteseo_robots_primary_cat":"none","_themeisle_gutenberg_block_has_review":false,"footnotes":""},"categories":[174,172],"tags":[],"class_list":["post-557","post","type-post","status-publish","format-standard","has-post-thumbnail","hentry","category-caravans-it","category-van-camperizzati"],"_links":{"self":[{"href":"https:\/\/it.caravanpro.eu\/blog\/wp-json\/wp\/v2\/posts\/557"}],"collection":[{"href":"https:\/\/it.caravanpro.eu\/blog\/wp-json\/wp\/v2\/posts"}],"about":[{"href":"https:\/\/it.caravanpro.eu\/blog\/wp-json\/wp\/v2\/types\/post"}],"author":[{"embeddable":true,"href":"https:\/\/it.caravanpro.eu\/blog\/wp-json\/wp\/v2\/users\/1"}],"replies":[{"embeddable":true,"href":"https:\/\/it.caravanpro.eu\/blog\/wp-json\/wp\/v2\/comments?post=557"}],"version-history":[{"count":2,"href":"https:\/\/it.caravanpro.eu\/blog\/wp-json\/wp\/v2\/posts\/557\/revisions"}],"predecessor-version":[{"id":561,"href":"https:\/\/it.caravanpro.eu\/blog\/wp-json\/wp\/v2\/posts\/557\/revisions\/561"}],"wp:featuredmedia":[{"embeddable":true,"href":"https:\/\/it.caravanpro.eu\/blog\/wp-json\/wp\/v2\/media\/520"}],"wp:attachment":[{"href":"https:\/\/it.caravanpro.eu\/blog\/wp-json\/wp\/v2\/media?parent=557"}],"wp:term":[{"taxonomy":"category","embeddable":true,"href":"https:\/\/it.caravanpro.eu\/blog\/wp-json\/wp\/v2\/categories?post=557"},{"taxonomy":"post_tag","embeddable":true,"href":"https:\/\/it.caravanpro.eu\/blog\/wp-json\/wp\/v2\/tags?post=557"}],"curies":[{"name":"wp","href":"https:\/\/api.w.org\/{rel}","templated":true}]}}